{"id":759,"date":"2025-04-02T19:05:07","date_gmt":"2025-04-02T19:05:07","guid":{"rendered":"https:\/\/planc.solutions\/top-7-tendencias-en-diseno-de-stands-para-ferias-en-2025-que-debes-conocer\/"},"modified":"2025-04-02T19:05:07","modified_gmt":"2025-04-02T19:05:07","slug":"top-7-tendencias-en-diseno-de-stands-para-ferias-en-2025-que-debes-conocer","status":"publish","type":"post","link":"https:\/\/planc.solutions\/en\/top-7-tendencias-en-diseno-de-stands-para-ferias-en-2025-que-debes-conocer\/","title":{"rendered":"Top 7 tendencias en dise\u00f1o de stands para serias en 2025 que debes conocer"},"content":{"rendered":"<h1 class=\"\\&quot;wp-block-heading\\&quot; wp-block-heading\">Top 7 Tendencias en dise\u00f1o de stands para ferias en 2025 que debes conocer<\/h1>\n\n\n\n<p>El mundo de las ferias comerciales es din\u00e1mico y competitivo. Para destacar y captar la atenci\u00f3n de los visitantes, tu stand no solo debe ser funcional, sino tambi\u00e9n visualmente atractivo y alineado con las \u00faltimas tendencias. Mantenerse al d\u00eda en dise\u00f1o es crucial para proyectar una imagen moderna e innovadora. \u00bfQuieres saber qu\u00e9 se lleva en 2025? Te presentamos las 7 tendencias clave en dise\u00f1o de stands que marcar\u00e1n la diferencia en tu pr\u00f3ximo evento.<\/p>\n\n\n\n<h2 class=\"\\&quot;wp-block-heading\\&quot; wp-block-heading\">1. Sostenibilidad Integrada (m\u00e1s all\u00e1 del discurso)<\/h2>\n\n\n\n<p>El dise\u00f1o eco-friendly ya no es una opci\u00f3n, es casi una expectativa. Se traduce en:<\/p>\n\n\n\n<ul class=\"\\&quot;wp-block-list\\&quot; wp-block-list\">\n<li>Uso de materiales reciclados, reciclables o de bajo impacto (maderas certificadas, textiles org\u00e1nicos, biopl\u00e1sticos).<\/li>\n\n\n\n<li>Dise\u00f1os modulares pensados para la reutilizaci\u00f3n y f\u00e1cil desmontaje.<\/li>\n\n\n\n<li>Iluminaci\u00f3n LED de bajo consumo.<\/li>\n\n\n\n<li>Minimizaci\u00f3n de residuos en producci\u00f3n y montaje.<\/li>\n<\/ul>\n\n\n\n<h2 class=\"\\&quot;wp-block-heading\\&quot; wp-block-heading\">2. Experiencias inmersivas y sensoriales<\/h2>\n\n\n\n<p>Los stands buscan ir m\u00e1s all\u00e1 de lo visual, creando experiencias memorables:<\/p>\n\n\n\n<ul class=\"\\&quot;wp-block-list\\&quot; wp-block-list\">\n<li>Uso de aromas corporativos o relacionados con el producto.<\/li>\n\n\n\n<li>Iluminaci\u00f3n din\u00e1mica y ambiental que cambie o gu\u00ede al visitante.<\/li>\n\n\n\n<li>Texturas interesantes en paredes y mobiliario.<\/li>\n\n\n\n<li>Integraci\u00f3n de sonido ambiental o m\u00fasica espec\u00edfica.<\/li>\n<\/ul>\n\n\n\n<h2 class=\"\\&quot;wp-block-heading\\&quot; wp-block-heading\">3. Minimalismo c\u00e1lido<\/h2>\n\n\n\n<p>Menos es m\u00e1s, pero con calidez. Se combina el minimalismo (l\u00edneas limpias, espacios abiertos) con:<\/p>\n\n\n\n<ul class=\"\\&quot;wp-block-list\\&quot; wp-block-list\">\n<li>Materiales naturales (madera clara, piedra).<\/li>\n\n\n\n<li>Paletas de colores neutros y terrosos con acentos de color.<\/li>\n\n\n\n<li>Incorporaci\u00f3n de plantas y elementos naturales (dise\u00f1o biof\u00edlico) para crear ambientes m\u00e1s acogedores y humanos.<\/li>\n<\/ul>\n\n\n\n<h2 class=\"\\&quot;wp-block-heading\\&quot; wp-block-heading\">4. Tecnolog\u00eda integrada con prop\u00f3sito<\/h2>\n\n\n\n<p>La tecnolog\u00eda se usa no solo para impresionar, sino para mejorar la experiencia o la eficiencia:<\/p>\n\n\n\n<ul class=\"\\&quot;wp-block-list\\&quot; wp-block-list\">\n<li>Pantallas LED de gran formato con contenido din\u00e1mico y de alta calidad.<\/li>\n\n\n\n<li>Realidad Aumentada (AR) para demostraciones de producto virtuales.<\/li>\n\n\n\n<li>T\u00f3tems interactivos para auto-consulta o captura de leads.<\/li>\n\n\n\n<li>Sensores para analizar el flujo de visitantes (respetando la privacidad).<\/li>\n<\/ul>\n\n\n\n<p>Descbre como puedes sorprender a tu visitante con <a href=\"\/en\/\"https:>nuevas tecnolog\u00edas<\/a>. <\/p>\n\n\n\n<h2 class=\"\\&quot;wp-block-heading\\&quot; wp-block-heading\">5. Espacios flexibles y multifuncionales<\/h2>\n\n\n\n<p>Los stands se dise\u00f1an para adaptarse a diferentes necesidades durante la feria:<\/p>\n\n\n\n<ul class=\"\\&quot;wp-block-list\\&quot; wp-block-list\">\n<li>Zonas semi-privadas para reuniones que se pueden abrir al espacio principal.<\/li>\n\n\n\n<li>Mobiliario modular y reconfigurable.<\/li>\n\n\n\n<li>\u00c1reas que sirvan tanto para demostraci\u00f3n como para networking.<\/li>\n<\/ul>\n\n\n\n<h2 class=\"\\&quot;wp-block-heading\\&quot; wp-block-heading\">6. Iluminaci\u00f3n como elemento de dise\u00f1o clave<\/h2>\n\n\n\n<p>La luz se utiliza estrat\u00e9gicamente para:<\/p>\n\n\n\n<ul class=\"\\&quot;wp-block-list\\&quot; wp-block-list\">\n<li>Destacar productos o zonas espec\u00edficas.<\/li>\n\n\n\n<li>Crear atm\u00f3sferas (c\u00e1lida, energ\u00e9tica, sofisticada).<\/li>\n\n\n\n<li>Guiar al visitante a trav\u00e9s del stand.<\/li>\n\n\n\n<li>Integrar la identidad visual de la marca (colores corporativos en la luz).<\/li>\n<\/ul>\n\n\n\n<p>M\u00e1s sobre <a href=\"\/en\/\"https:>impacto creado por la iluminaci\u00f3n<\/a>. <\/p>\n\n\n\n<h2 class=\"\\&quot;wp-block-heading\\&quot; wp-block-heading\">7. Narrativa visual y storytelling<\/h2>\n\n\n\n<p>El dise\u00f1o del stand cuenta una historia sobre la marca o el producto:<\/p>\n\n\n\n<ul class=\"\\&quot;wp-block-list\\&quot; wp-block-list\">\n<li>Gr\u00e1ficas impactantes y mensajes claros que comunican la propuesta de valor.<\/li>\n\n\n\n<li>Un recorrido l\u00f3gico dentro del stand que gu\u00ede al visitante a trav\u00e9s de la narrativa.<\/li>\n\n\n\n<li>Coherencia visual en todos los elementos (desde la estructura hasta los folletos).<\/li>\n<\/ul>\n\n\n\n<p><strong>Conclusi\u00f3n:<\/strong><\/p>\n\n\n\n<p>Incorporar estas tendencias en tu stand no significa aplicarlas todas a la vez, sino seleccionar aquellas que mejor se alineen con tu marca, mensaje y p\u00fablico objetivo. Un dise\u00f1o bien ejecutado es una inversi\u00f3n que potencia tu visibilidad. Facilita la consecuci\u00f3n de tus objetivos en la feria. Al buscar proveedores, f\u00edjate en su capacidad para integrar estas tendencias de forma coherente y efectiva.<\/p>\n\n\n\n<p>Visita <a href=\"\/en\/\"https:>el portfolio<\/a> para ver diferentes dise\u00f1os de stand. <\/p>\n\n\n\n<p><\/p>","protected":false},"excerpt":{"rendered":"<p>Top 7 Tendencias en dise\u00f1o de stands para ferias en 2025 que debes conocer El mundo de las ferias comerciales es din\u00e1mico y competitivo. Para destacar y captar la atenci\u00f3n de los visitantes, tu stand no solo debe ser funcional, sino tambi\u00e9n visualmente atractivo y alineado con las \u00faltimas tendencias. Mantenerse al d\u00eda en dise\u00f1o [&hellip;]<\/p>\n","protected":false},"author":1,"featured_media":0,"comment_status":"open","ping_status":"open","sticky":false,"template":"","format":"standard","meta":{"_uag_custom_page_level_css":"","site-sidebar-layout":"default","site-content-layout":"","ast-site-content-layout":"default","site-content-style":"default","site-sidebar-style":"default","ast-global-header-display":"","ast-banner-title-visibility":"","ast-main-header-display":"","ast-hfb-above-header-display":"","ast-hfb-below-header-display":"","ast-hfb-mobile-header-display":"","site-post-title":"","ast-breadcrumbs-content":"","ast-featured-img":"","footer-sml-layout":"","ast-disable-related-posts":"","theme-transparent-header-meta":"","adv-header-id-meta":"","stick-header-meta":"","header-above-stick-meta":"","header-main-stick-meta":"","header-below-stick-meta":"","astra-migrate-meta-layouts":"set","ast-page-background-enabled":"default","ast-page-background-meta":{"desktop":{"background-color":"var(--ast-global-color-4)","background-image":"","background-repeat":"repeat","background-position":"center center","background-size":"auto","background-attachment":"scroll","background-type":"","background-media":"","overlay-type":"","overlay-color":"","overlay-opacity":"","overlay-gradient":""},"tablet":{"background-color":"","background-image":"","background-repeat":"repeat","background-position":"center center","background-size":"auto","background-attachment":"scroll","background-type":"","background-media":"","overlay-type":"","overlay-color":"","overlay-opacity":"","overlay-gradient":""},"mobile":{"background-color":"","background-image":"","background-repeat":"repeat","background-position":"center center","background-size":"auto","background-attachment":"scroll","background-type":"","background-media":"","overlay-type":"","overlay-color":"","overlay-opacity":"","overlay-gradient":""}},"ast-content-background-meta":{"desktop":{"background-color":"var(--ast-global-color-5)","background-image":"","background-repeat":"repeat","background-position":"center center","background-size":"auto","background-attachment":"scroll","background-type":"","background-media":"","overlay-type":"","overlay-color":"","overlay-opacity":"","overlay-gradient":""},"tablet":{"background-color":"var(--ast-global-color-5)","background-image":"","background-repeat":"repeat","background-position":"center center","background-size":"auto","background-attachment":"scroll","background-type":"","background-media":"","overlay-type":"","overlay-color":"","overlay-opacity":"","overlay-gradient":""},"mobile":{"background-color":"var(--ast-global-color-5)","background-image":"","background-repeat":"repeat","background-position":"center center","background-size":"auto","background-attachment":"scroll","background-type":"","background-media":"","overlay-type":"","overlay-color":"","overlay-opacity":"","overlay-gradient":""}},"footnotes":""},"categories":[37],"tags":[65,66,67,68,69,70,71,72,73,74],"class_list":["post-759","post","type-post","status-publish","format-standard","hentry","category-diseno-de-stands","tag-diseno-biofilico-stands","tag-diseno-stands-innovador","tag-ideas-stands-feria","tag-iluminacion-stand-feria","tag-marketing-ferial","tag-stands-interactivos","tag-stands-modernos-feria","tag-stands-sostenibles","tag-tecnologia-stands-feria","tag-tendencias-diseno-stands-2025"],"aioseo_notices":[],"uagb_featured_image_src":{"full":false,"thumbnail":false,"medium":false,"medium_large":false,"large":false,"1536x1536":false,"2048x2048":false,"trp-custom-language-flag":false},"uagb_author_info":{"display_name":"Plan C Solutions","author_link":"https:\/\/planc.solutions\/en\/author\/infoplanc-solutions\/"},"uagb_comment_info":2,"uagb_excerpt":"Top 7 Tendencias en dise\u00f1o de stands para ferias en 2025 que debes conocer El mundo de las ferias comerciales es din\u00e1mico y competitivo. Para destacar y captar la atenci\u00f3n de los visitantes, tu stand no solo debe ser funcional, sino tambi\u00e9n visualmente atractivo y alineado con las \u00faltimas tendencias. Mantenerse al d\u00eda en dise\u00f1o&hellip;","_links":{"self":[{"href":"https:\/\/planc.solutions\/en\/wp-json\/wp\/v2\/posts\/759","targetHints":{"allow":["GET"]}}],"collection":[{"href":"https:\/\/planc.solutions\/en\/wp-json\/wp\/v2\/posts"}],"about":[{"href":"https:\/\/planc.solutions\/en\/wp-json\/wp\/v2\/types\/post"}],"author":[{"embeddable":true,"href":"https:\/\/planc.solutions\/en\/wp-json\/wp\/v2\/users\/1"}],"replies":[{"embeddable":true,"href":"https:\/\/planc.solutions\/en\/wp-json\/wp\/v2\/comments?post=759"}],"version-history":[{"count":0,"href":"https:\/\/planc.solutions\/en\/wp-json\/wp\/v2\/posts\/759\/revisions"}],"wp:attachment":[{"href":"https:\/\/planc.solutions\/en\/wp-json\/wp\/v2\/media?parent=759"}],"wp:term":[{"taxonomy":"category","embeddable":true,"href":"https:\/\/planc.solutions\/en\/wp-json\/wp\/v2\/categories?post=759"},{"taxonomy":"post_tag","embeddable":true,"href":"https:\/\/planc.solutions\/en\/wp-json\/wp\/v2\/tags?post=759"}],"curies":[{"name":"wp","href":"https:\/\/api.w.org\/{rel}","templated":true}]}}